{"id":313,"date":"2017-03-06T09:05:42","date_gmt":"2017-03-06T08:05:42","guid":{"rendered":"http:\/\/pflanzenkohle.de\/?p=313"},"modified":"2017-03-02T10:49:27","modified_gmt":"2017-03-02T09:49:27","slug":"pflanzenkohle-fuer-pfc-belastete-ackerboeden","status":"publish","type":"post","link":"https:\/\/pflanzenkohle.de\/index.php\/2017\/03\/06\/pflanzenkohle-fuer-pfc-belastete-ackerboeden\/","title":{"rendered":"Pflanzenkohle k\u00f6nnte zur Sanierung PFC belasteter Ackerb\u00f6den eingesetzt werden"},"content":{"rendered":"<p>Das &#8222;Gr\u00fcne Forum Baden&#8220; (GFB) hat einen Vorschlag zum Umgang mit dem PFC-Problem in der Region gemacht. Nach Vorstellung des GFB k\u00f6nnte das Problem mit Hilfe von sogenannter Pflanzenkohle angegangen werden. Diese biete die Aussicht, das PFC in den Ackerb\u00f6den dauerhaft zu binden, hei\u00dft es in einer Pressemitteilung.<\/p>\n<h2>Zugleich sei die Pflanzenkohle auch eine Art Bio-D\u00fcnger.<\/h2>\n<p>Das GFB kritisiert, dass das Landratsamt Rastatt fr\u00fchestens im Jahr 2021 mit Sanierungsarbeiten beginnen wolle. &#8222;Es besteht die realistische Hoffnung, die umf\u00e4ngliche Komplexit\u00e4t der PFC-Problematik in der Region Mittelbaden zu reduzieren, und wir haben mit dem Vorschlag des Einsatzes von Pflanzenkohle nun einen Hoffnungsschimmer, um neue M\u00f6glichkeiten zu entdecken, die zu einer neuen Bewirtschaftung von belasteten Ackerb\u00f6den f\u00fchren k\u00f6nnen&#8220;, wird der GFB-Projektverantwortliche Eduard Me\u00dfmer in der Mitteilung zitiert.<\/p>\n<p>Quelle: <a href=\"http:\/\/www.badisches-tagblatt.de\/aus_der_region_archiv\/00_20170216075400_135261242-Pflanzenkohle-gegen-PFC.html\" target=\"_blank\">http:\/\/www.badisches-tagblatt.de<\/a><\/p>\n","protected":false},"excerpt":{"rendered":"<p>Das &#8222;Gr\u00fcne Forum Baden&#8220; (GFB) hat einen Vorschlag zum Umgang [&hellip;]<\/p>\n","protected":false},"author":1,"featured_media":289,"comment_status":"closed","ping_status":"open","sticky":false,"template":"","format":"standard","meta":{"footnotes":""},"categories":[67],"tags":[65,63,81,64,66,8],"class_list":["post-313","post","type-post","status-publish","format-standard","has-post-thumbnail","hentry","category-pflnazenkohle-medien","tag-ackerboeden","tag-bio-duenger","tag-gruene-forum-baden","tag-gruenes-forum","tag-pfc-belastet","tag-pflanzenkohle"],"_links":{"self":[{"href":"https:\/\/pflanzenkohle.de\/index.php\/wp-json\/wp\/v2\/posts\/313","targetHints":{"allow":["GET"]}}],"collection":[{"href":"https:\/\/pflanzenkohle.de\/index.php\/wp-json\/wp\/v2\/posts"}],"about":[{"href":"https:\/\/pflanzenkohle.de\/index.php\/wp-json\/wp\/v2\/types\/post"}],"author":[{"embeddable":true,"href":"https:\/\/pflanzenkohle.de\/index.php\/wp-json\/wp\/v2\/users\/1"}],"replies":[{"embeddable":true,"href":"https:\/\/pflanzenkohle.de\/index.php\/wp-json\/wp\/v2\/comments?post=313"}],"version-history":[{"count":5,"href":"https:\/\/pflanzenkohle.de\/index.php\/wp-json\/wp\/v2\/posts\/313\/revisions"}],"predecessor-version":[{"id":348,"href":"https:\/\/pflanzenkohle.de\/index.php\/wp-json\/wp\/v2\/posts\/313\/revisions\/348"}],"wp:featuredmedia":[{"embeddable":true,"href":"https:\/\/pflanzenkohle.de\/index.php\/wp-json\/wp\/v2\/media\/289"}],"wp:attachment":[{"href":"https:\/\/pflanzenkohle.de\/index.php\/wp-json\/wp\/v2\/media?parent=313"}],"wp:term":[{"taxonomy":"category","embeddable":true,"href":"https:\/\/pflanzenkohle.de\/index.php\/wp-json\/wp\/v2\/categories?post=313"},{"taxonomy":"post_tag","embeddable":true,"href":"https:\/\/pflanzenkohle.de\/index.php\/wp-json\/wp\/v2\/tags?post=313"}],"curies":[{"name":"wp","href":"https:\/\/api.w.org\/{rel}","templated":true}]}}